{"id":1544,"date":"2022-01-28T16:10:56","date_gmt":"2022-01-28T15:10:56","guid":{"rendered":"https:\/\/wp.uni-koblenz.de\/esskulturen\/?p=1544"},"modified":"2025-05-27T15:51:28","modified_gmt":"2025-05-27T13:51:28","slug":"haiyantang-palast-des-ruhigen-meeres","status":"publish","type":"post","link":"https:\/\/wp.uni-koblenz.de\/esskulturen\/haiyantang-palast-des-ruhigen-meeres\/","title":{"rendered":"Haiyantang, Palast des ruhigen Meeres"},"content":{"rendered":"<!--themify_builder_content-->\n<div id=\"themify_builder_content-1544\" data-postid=\"1544\" class=\"themify_builder_content themify_builder_content-1544 themify_builder tf_clear\">\n    \t<!-- module_row -->\n\t<div  data-lazy=\"1\" class=\"module_row themify_builder_row repeat tb_8lkp274 tb_first tf_clearfix\" >\n\t    \t\t<div class=\"row_inner col_align_top tf_box tf_w tf_rel\">\n\t\t\t<div  data-lazy=\"1\" class=\"module_column tb-column col-full first tb_vkhl279 tf_box\">\n\t    \t    \t        <div class=\"tb-column-inner tf_box tf_w\">\n\t\t    <!-- module text -->\n<div  class=\"module module-text tb_zy5l687   \" data-lazy=\"1\">\n        <div  class=\"tb_text_wrap\">\n    <p>Der Kaiser kennt europ\u00e4ische Uhren, doch hat er noch nie einen k\u00fcnstlichen Springbrunnen gesehen. Nachdem er auf einer Illustration eines jener Wasserspiele erblickt hat, die so h\u00e4ufig die Vor- oder R\u00fcckseiten europ\u00e4ischer Barockpal\u00e4ste zieren, befiehlt er den Jesuitenmissionaren, etwas Vergleichbares zu konstruieren. F\u00fcr die technischen Belange soll Pater Benoist verantwortlich zeichnen, der als Astronom und Mathematiker allerdings nur wenig von Brunnenbau versteht. (&#8230;) So entstehen in einem eingefriedeten Bereich im Osten des Sommerpalasts die\u00a0<em>Xi Yang Lou<\/em>, die \u201eWestlichen Pal\u00e4ste\u201c (&#8230;). Ausgangs- und Zielpunkt dieser umfangreichen architektonischen\u00a0<em>europ\u00e9erie\u00a0<\/em>sind die Font\u00e4nen und Wasserbecken. Das Kernst\u00fcck der gesamten Anlage bildet der \u201ePalast des ruhigen Meeres\u201c (&#8230;)<\/p>\n<p>Die Planungen, die Entw\u00fcrfe, die Konstruktion der Springbrunnenanlage, die schwierige Kommunikation mit den chinesischen Arbeitern, die Intrigen der Hofleute, vor allem aber die Angst, den Forderungen des Kaisers nicht Gen\u00fcge zu tun, lassen das Leben von Pater Benoist im Sommerpalast alles andere als idyllisch erscheinen. Best\u00e4ndig ist er in Eile, in Hast, in Sorge. (&#8230;) Der Pater verzehrt sich buchst\u00e4blich, und daran sind nicht zuletzt seine Mahlzeiten schuld, genauer: die Anstrengungen, dorthin zu gelangen, wo sie f\u00fcr ihn bereitstehen. Denn die Speisen werden dem Pater nicht gebracht, sie folgen ihm nicht nach, er muss sie aufsuchen. \u201eWahrlich erm\u00fcdend\u201c sei es f\u00fcr den Missionar gewesen, w\u00e4hrend der Arbeiten an den \u201eWestlichen Pal\u00e4sten\u201c sich rechtzeitig an die vorgesehenen Orte seiner Mahlzeiten zu begeben. Zwar habe der Kaiser ihm \u201eh\u00e4ufig Speisen von seiner Tafel\u201c geschickt, zweifellos eine besondere Ehre, die aber nichts daran \u00e4ndert, dass die von dem aufopfernden Dienst f\u00fcr den rechten Glauben ohnehin bereits beeintr\u00e4chtigte Gesundheit des Paters Benoist durch das strenge Fasten und die unregelm\u00e4\u00dfigen Essenszeiten zus\u00e4tzlich geschw\u00e4cht wird. So hei\u00dft es zumindest in dem anonymen Nachruf, der nach dem Ableben des Paters 1775 die vielf\u00e4ltigen Beschwernisse der China-Mission auch als ein konkretes esskulturelles Problem res\u00fcmiert.<\/p>\n<p>aus: Marion Steinicke,\u00a0<em>Die Zeit, die Uhren und die Speisen des Kaisers. Nachrichten aus dem Reich der Mitte<\/em>, in: Bulletin Esskulturen, Mappe VI, Mahl-Zeiten, Faszikel 34.<\/p>    <\/div>\n<\/div>\n<!-- \/module text -->\t        <\/div>\n\t    \t<\/div>\n\t\t    <\/div>\n\t    <!-- \/row_inner -->\n\t<\/div>\n\t<!-- \/module_row -->\n\t<\/div>\n<!--\/themify_builder_content-->\n","protected":false},"excerpt":{"rendered":"<p>Der Kaiser kennt europ\u00e4ische Uhren, doch hat er noch nie einen k\u00fcnstlichen Springbrunnen gesehen. Nachdem er auf einer Illustration eines jener Wasserspiele erblickt hat, die so h\u00e4ufig die Vor- oder R\u00fcckseiten europ\u00e4ischer Barockpal\u00e4ste zieren, befiehlt er den Jesuitenmissionaren, etwas Vergleichbares zu konstruieren. F\u00fcr die technischen Belange soll Pater Benoist verantwortlich zeichnen, der als Astronom und [&hellip;]<\/p>\n","protected":false},"author":571,"featured_media":0,"comment_status":"open","ping_status":"open","sticky":false,"template":"","format":"standard","meta":{"footnotes":""},"categories":[1],"tags":[],"class_list":["post-1544","post","type-post","status-publish","format-standard","hentry","category-allgemein","has-post-title","has-post-date","has-post-category","has-post-tag","has-post-comment","has-post-author",""],"builder_content":"<p>Der Kaiser kennt europ\u00e4ische Uhren, doch hat er noch nie einen k\u00fcnstlichen Springbrunnen gesehen. Nachdem er auf einer Illustration eines jener Wasserspiele erblickt hat, die so h\u00e4ufig die Vor- oder R\u00fcckseiten europ\u00e4ischer Barockpal\u00e4ste zieren, befiehlt er den Jesuitenmissionaren, etwas Vergleichbares zu konstruieren. F\u00fcr die technischen Belange soll Pater Benoist verantwortlich zeichnen, der als Astronom und Mathematiker allerdings nur wenig von Brunnenbau versteht. (...) So entstehen in einem eingefriedeten Bereich im Osten des Sommerpalasts die\u00a0<em>Xi Yang Lou<\/em>, die \u201eWestlichen Pal\u00e4ste\u201c (...). Ausgangs- und Zielpunkt dieser umfangreichen architektonischen\u00a0<em>europ\u00e9erie\u00a0<\/em>sind die Font\u00e4nen und Wasserbecken. Das Kernst\u00fcck der gesamten Anlage bildet der \u201ePalast des ruhigen Meeres\u201c (...)<\/p> <p>Die Planungen, die Entw\u00fcrfe, die Konstruktion der Springbrunnenanlage, die schwierige Kommunikation mit den chinesischen Arbeitern, die Intrigen der Hofleute, vor allem aber die Angst, den Forderungen des Kaisers nicht Gen\u00fcge zu tun, lassen das Leben von Pater Benoist im Sommerpalast alles andere als idyllisch erscheinen. Best\u00e4ndig ist er in Eile, in Hast, in Sorge. (...) Der Pater verzehrt sich buchst\u00e4blich, und daran sind nicht zuletzt seine Mahlzeiten schuld, genauer: die Anstrengungen, dorthin zu gelangen, wo sie f\u00fcr ihn bereitstehen. Denn die Speisen werden dem Pater nicht gebracht, sie folgen ihm nicht nach, er muss sie aufsuchen. \u201eWahrlich erm\u00fcdend\u201c sei es f\u00fcr den Missionar gewesen, w\u00e4hrend der Arbeiten an den \u201eWestlichen Pal\u00e4sten\u201c sich rechtzeitig an die vorgesehenen Orte seiner Mahlzeiten zu begeben. Zwar habe der Kaiser ihm \u201eh\u00e4ufig Speisen von seiner Tafel\u201c geschickt, zweifellos eine besondere Ehre, die aber nichts daran \u00e4ndert, dass die von dem aufopfernden Dienst f\u00fcr den rechten Glauben ohnehin bereits beeintr\u00e4chtigte Gesundheit des Paters Benoist durch das strenge Fasten und die unregelm\u00e4\u00dfigen Essenszeiten zus\u00e4tzlich geschw\u00e4cht wird. So hei\u00dft es zumindest in dem anonymen Nachruf, der nach dem Ableben des Paters 1775 die vielf\u00e4ltigen Beschwernisse der China-Mission auch als ein konkretes esskulturelles Problem res\u00fcmiert.<\/p> <p>aus: Marion Steinicke,\u00a0<em>Die Zeit, die Uhren und die Speisen des Kaisers. Nachrichten aus dem Reich der Mitte<\/em>, in: Bulletin Esskulturen, Mappe VI, Mahl-Zeiten, Faszikel 34.<\/p>","_links":{"self":[{"href":"https:\/\/wp.uni-koblenz.de\/esskulturen\/wp-json\/wp\/v2\/posts\/1544","targetHints":{"allow":["GET"]}}],"collection":[{"href":"https:\/\/wp.uni-koblenz.de\/esskulturen\/wp-json\/wp\/v2\/posts"}],"about":[{"href":"https:\/\/wp.uni-koblenz.de\/esskulturen\/wp-json\/wp\/v2\/types\/post"}],"author":[{"embeddable":true,"href":"https:\/\/wp.uni-koblenz.de\/esskulturen\/wp-json\/wp\/v2\/users\/571"}],"replies":[{"embeddable":true,"href":"https:\/\/wp.uni-koblenz.de\/esskulturen\/wp-json\/wp\/v2\/comments?post=1544"}],"version-history":[{"count":2,"href":"https:\/\/wp.uni-koblenz.de\/esskulturen\/wp-json\/wp\/v2\/posts\/1544\/revisions"}],"predecessor-version":[{"id":1637,"href":"https:\/\/wp.uni-koblenz.de\/esskulturen\/wp-json\/wp\/v2\/posts\/1544\/revisions\/1637"}],"wp:attachment":[{"href":"https:\/\/wp.uni-koblenz.de\/esskulturen\/wp-json\/wp\/v2\/media?parent=1544"}],"wp:term":[{"taxonomy":"category","embeddable":true,"href":"https:\/\/wp.uni-koblenz.de\/esskulturen\/wp-json\/wp\/v2\/categories?post=1544"},{"taxonomy":"post_tag","embeddable":true,"href":"https:\/\/wp.uni-koblenz.de\/esskulturen\/wp-json\/wp\/v2\/tags?post=1544"}],"curies":[{"name":"wp","href":"https:\/\/api.w.org\/{rel}","templated":true}]}}