{"id":202,"date":"2021-06-16T10:35:57","date_gmt":"2021-06-16T08:35:57","guid":{"rendered":"https:\/\/wp.uni-koblenz.de\/fachbereich2\/?p=202"},"modified":"2021-06-16T10:41:33","modified_gmt":"2021-06-16T08:41:33","slug":"digitale-vortragsreihe-feminist-futures-for-hard-times","status":"publish","type":"post","link":"https:\/\/wp.uni-koblenz.de\/fachbereich2\/2021\/06\/16\/digitale-vortragsreihe-feminist-futures-for-hard-times\/","title":{"rendered":"Digitale Vortragsreihe: \u201eFeminist futures for hard times\u201d"},"content":{"rendered":"<p>Auch in diesem Semester l\u00e4dt Ina Kerner, Professorin am Institut f\u00fcr Kulturwissenschaft, mit ihrem Team im Lehrbereich Politische Wissenschaft zu einer digitalen Vortragsreihe ein. Alle interessierten Zuh\u00f6rer:innen erwarten drei spannende Vortr\u00e4ge mit anschlie\u00dfender Diskussion. Den Anfang machte am 11. Mai Fatima Sadiqi von der University of Fez (Marokko) und der Pr\u00e4sentation ihres Buches <em>Feminist Daughters with Military Fathers: The Forgotten Legacy of Rural Berber Men.<\/em><!--more--><\/p>\n<p><strong>\u201eWhen I first saw the title of the series <em>Feminist futures for hard times <\/em>I said: \u201cOh my god, I am not going to talk about the future I am going to talk about the past.\u201d But maybe it is also a kind of a reflection of the past.\u201d <\/strong><\/p>\n<p>In ihrem Buch widmet sich Fatima Sadiqi der Geschichte ihres Vaters Mouhamd ou Lahcen, ein in einfachen Verh\u00e4ltnissen aufgewachsener Berber, der sich trotz Analphabetismus eine Existenz aufbaute und in der franz\u00f6sischen Armee diente, bevor er sich nach der Unabh\u00e4ngigkeit Marokkos 1956 dem landeseigenen Milit\u00e4r anschloss. Dieser sehr pers\u00f6nliche Bezug schlug sich auch auf die \u2013 man k\u00f6nnte fast sagen \u2013 famili\u00e4re Atmosph\u00e4re des Vortrags nieder. In Erg\u00e4nzung zu den Erinnerungen ihrer eigenen Familie interviewte sie f\u00fcnfundzwanzig marokkanische Frauen ihrer Generation, deren V\u00e4ter ebenfalls im Milit\u00e4r dienten und die nun als bedeutende Feminist:innen in unterschiedlichsten Forschungsfeldern arbeiten. In ihrer Analyse deckt die Autorin eine bisher v\u00f6llig au\u00dfer Acht gelassene Perspektive auf und richtet die Aufmerksamkeit auf die Rolle der \u201eMilitary Berber Men\u201c, die ihren T\u00f6chtern und somit der zweiten Generation von Feminist:innen in Marokko die M\u00f6glichkeit auf Bildung er\u00f6ffneten und heute dennoch fast vergessen sind. \u201eThe Berber Dimension\u201c wurde sowohl von kolonialen als auch feministischen Betrachtungen bisher schlichtweg ignoriert.<\/p>\n<p><strong>\u201eI like this question, because it was a question I asked myself. \u201c<\/strong><\/p>\n<p>Auf den zu v\u00f6llig neuen feministischen Perspektiven und Fragen anregenden Vortrag mit mehr als 40 Teilnehmer:innen folgte eine nicht minder gehaltvolle Diskussion. Etwa die Vorstellung, dass feministische Entwicklung vonseiten des Milit\u00e4rs, einer hierarchisch strukturierten und m\u00e4nnlich dominierten Institution F\u00f6rderung erfuhr, schien den Zuh\u00f6rer:innen befremdlich. F\u00fcr Sadiqi, die in Milit\u00e4rbaracken aufwuchs, war diese von Regeln gepr\u00e4gte Welt ein gro\u00dfer Teil ihrer Lebenswirklichkeit. Disziplin habe sie gelernt und das harte Arbeiten f\u00fcr ihre Ziele. Nat\u00fcrlich sei das Milit\u00e4r ein durchweg hierarchisches System und Sadiqi verstehe die Vorbehalte demgegen\u00fcber, aber ein wichtiges Charakteristikum ihres Vaters und der M\u00e4nner seiner Generation und Herkunft sei, dass sie sich die milit\u00e4rische Karriere nicht ausgesucht hatten. Und Fatima Sadiqi f\u00fcgt hinzu: \u201eMany women like me received their education from our fathers.\u201d Auf die Frage hin, ob es einen Unterschied zwischen l\u00e4ndlichem und st\u00e4dtischem Feminismus gebe, antwortet Sadiqi: \u201eMaybe they do not call it feminism in rural areas, but women in rural areas are much stronger, god they are so strong. And they are fighting the patriarchy in their own way.\u201d In einem 2018 erschienenen Interview beschreibt Sadiqi ihren eigenen Werdegang als \u201estarting from zero\u201c und verweist auf ihre Berbischen Wurzeln, wodurch sie sich von \u201eurban feminists\u201c wie Fatima Mernissi (marokkanische Soziologien) unterscheide. Doch gerade der Zugang zu Bildung habe es ihr erm\u00f6glicht, intellektuell mit anderen Feminist:innen wie Mernissi in den Dialog zu treten und jene so wichtige Vernetzung verschiedenster Akteur:innen in Sachen Frauenrechte mitzugestalten (vgl. Fatima Sadiqi and Aziza Ouguir (2018): Reflecting on Feminisms in Africa. A Conversation from Morocco. Smith College).<\/p>\n<p><strong>\u201eWe have to sit down over coffee you and me and think what feminism means. \u201c<\/strong><\/p>\n<p>Auf zwei Vortr\u00e4ge im Rahmen der Reihe <em>Feminist futures for hard times <\/em>d\u00fcrfen wir uns in diesem Semester noch freuen. Am 15. Juni hat Chiara Bottici von der New School for Social Research (New York) \u00fcber ihre \u00dcberlegungen zu <em>Anarchafeminism <\/em>gesprochen und einen Einblick in das noch in diesem Jahr erscheinende Buch gew\u00e4hrt. Und um <em>Beyond the Public Sphere: Film and the Feminist Imaginary <\/em>geht es in der Buchpr\u00e4sentation von Maria P\u00eda Lara von der Universidad Autonomo Metropolitana Iztapalapa (M\u00e9xico) am 29. Juni. Die Vortr\u00e4ge finden jeweils um 18:15h per ZOOM in englischer Sprache statt. Anmelden kann man sich per E-Mail an <a href=\"mailto:polwiss-fb2@uni-koblenz.de\">polwiss-fb2@uni-koblenz.de<\/a><\/p>\n<p>Weitere Informationen finden sich auf der Seite des Lehrbereichs Politische Wissenschaft unter <a href=\"https:\/\/www.uni-koblenz-landau.de\/de\/koblenz\/fb2\/ik\/institut\/spw\/veranstaltungen_politischewissenschaft\">https:\/\/www.uni-koblenz-landau.de\/de\/koblenz\/fb2\/ik\/institut\/spw\/veranstaltungen_politischewissenschaft<\/a><\/p>\n<p>&nbsp;<\/p>\n<p>Fatima Sadiqi ist Professorin f\u00fcr Sprachwissenschaften und Gender Studies an der University of Fez (Marokko) und Autorin zahlreicher Ver\u00f6ffentlichungen, z. B. <em>Women, Gender and Language<\/em> (Brill 2003), <em>Women and Knowledge in the Mediterranean <\/em>(Routledge 2013), <em>Moroccan Feminist Discourses <\/em>(Palgrave Macmillan 2014), und <em>Women\u2019s Movements in the Post-\u201cArab Spring\u201d North Africa<\/em> (2016). F\u00fcr ihre Arbeiten hat sie zahlreiche Auszeichnungen und Fellowships erhalten, unter anderem von der renommierten Universit\u00e4t Harvard, des Woodrow Wilson Center, der Rockefeller Stiftung, Fulbright, und aktuell des Zentrums f\u00fcr interdisziplin\u00e4re Forschung ZiF (Universit\u00e4t Bielefeld).<\/p>\n","protected":false},"excerpt":{"rendered":"<p>Auch in diesem Semester l\u00e4dt Ina Kerner, Professorin am Institut f\u00fcr Kulturwissenschaft, mit ihrem Team im Lehrbereich Politische Wissenschaft zu einer digitalen Vortragsreihe ein. Alle interessierten Zuh\u00f6rer:innen erwarten drei spannende Vortr\u00e4ge mit anschlie\u00dfender Diskussion. Den Anfang machte am 11. Mai Fatima Sadiqi von der University of Fez (Marokko) und der Pr\u00e4sentation ihres Buches Feminist Daughters [&hellip;]<\/p>\n","protected":false},"author":490,"featured_media":0,"comment_status":"closed","ping_status":"open","sticky":false,"template":"","format":"standard","meta":{"footnotes":""},"categories":[6],"tags":[],"class_list":["post-202","post","type-post","status-publish","format-standard","hentry","category-veranstaltungen"],"_links":{"self":[{"href":"https:\/\/wp.uni-koblenz.de\/fachbereich2\/wp-json\/wp\/v2\/posts\/202","targetHints":{"allow":["GET"]}}],"collection":[{"href":"https:\/\/wp.uni-koblenz.de\/fachbereich2\/wp-json\/wp\/v2\/posts"}],"about":[{"href":"https:\/\/wp.uni-koblenz.de\/fachbereich2\/wp-json\/wp\/v2\/types\/post"}],"author":[{"embeddable":true,"href":"https:\/\/wp.uni-koblenz.de\/fachbereich2\/wp-json\/wp\/v2\/users\/490"}],"replies":[{"embeddable":true,"href":"https:\/\/wp.uni-koblenz.de\/fachbereich2\/wp-json\/wp\/v2\/comments?post=202"}],"version-history":[{"count":0,"href":"https:\/\/wp.uni-koblenz.de\/fachbereich2\/wp-json\/wp\/v2\/posts\/202\/revisions"}],"wp:attachment":[{"href":"https:\/\/wp.uni-koblenz.de\/fachbereich2\/wp-json\/wp\/v2\/media?parent=202"}],"wp:term":[{"taxonomy":"category","embeddable":true,"href":"https:\/\/wp.uni-koblenz.de\/fachbereich2\/wp-json\/wp\/v2\/categories?post=202"},{"taxonomy":"post_tag","embeddable":true,"href":"https:\/\/wp.uni-koblenz.de\/fachbereich2\/wp-json\/wp\/v2\/tags?post=202"}],"curies":[{"name":"wp","href":"https:\/\/api.w.org\/{rel}","templated":true}]}}