{"id":311,"date":"2023-03-21T23:29:43","date_gmt":"2023-03-21T22:29:43","guid":{"rendered":"https:\/\/wp.uni-koblenz.de\/storytelling5\/?p=311"},"modified":"2023-03-31T22:40:43","modified_gmt":"2023-03-31T20:40:43","slug":"einer-fuer-alle","status":"publish","type":"post","link":"https:\/\/wp.uni-koblenz.de\/storytelling5\/2023\/03\/21\/einer-fuer-alle\/","title":{"rendered":"Einer f\u00fcr Alle"},"content":{"rendered":"\n<blockquote class=\"wp-block-quote is-layout-flow wp-block-quote-is-layout-flow\">\n<h3 class=\"has-text-align-center wp-block-heading has-white-color has-text-color has-background\" style=\"background-color:#cf2d2d\">\u201eStressig, aber erfreulich\u201c<\/h3>\n<cite>So beschreibt Martin Okolie seine T\u00e4tigkeit als Referat des AStAs (Allgemeine Studierendenausschuss) f\u00fcr Internationales an der Universit\u00e4t Koblenz. Als Vermittler und Ansprechperson, der selbst mit Sprachbarrieren zu k\u00e4mpfen hat, \u00f6ffnet er eine T\u00fcr zwischen Universit\u00e4t und Studierenden verschiedenster Herkunft und Kulturen.<\/cite><\/blockquote>\n\n\n\n<div class=\"wp-block-columns are-vertically-aligned-top is-layout-flex wp-container-core-columns-is-layout-9d6595d7 wp-block-columns-is-layout-flex\">\n<div class=\"wp-block-column is-vertically-aligned-top is-layout-flow wp-block-column-is-layout-flow\"><div class=\"wp-block-image\">\n<figure class=\"aligncenter size-large is-resized\"><img fetchpriority=\"high\" decoding=\"async\" src=\"https:\/\/wp.uni-koblenz.de\/storytelling5\/wp-content\/uploads\/sites\/185\/2023\/03\/img_0584-688x1024.jpg\" alt=\"\" class=\"wp-image-275\" width=\"347\" height=\"515\" srcset=\"https:\/\/wp.uni-koblenz.de\/storytelling5\/wp-content\/uploads\/sites\/185\/2023\/03\/img_0584-688x1024.jpg 688w, https:\/\/wp.uni-koblenz.de\/storytelling5\/wp-content\/uploads\/sites\/185\/2023\/03\/img_0584-202x300.jpg 202w, https:\/\/wp.uni-koblenz.de\/storytelling5\/wp-content\/uploads\/sites\/185\/2023\/03\/img_0584-768x1143.jpg 768w, https:\/\/wp.uni-koblenz.de\/storytelling5\/wp-content\/uploads\/sites\/185\/2023\/03\/img_0584-1032x1536.jpg 1032w, https:\/\/wp.uni-koblenz.de\/storytelling5\/wp-content\/uploads\/sites\/185\/2023\/03\/img_0584-400x595.jpg 400w, https:\/\/wp.uni-koblenz.de\/storytelling5\/wp-content\/uploads\/sites\/185\/2023\/03\/img_0584.jpg 1153w\" sizes=\"(max-width: 347px) 100vw, 347px\" \/><\/figure>\n<\/div><\/div>\n\n\n\n<div class=\"wp-block-column is-vertically-aligned-top is-layout-flow wp-block-column-is-layout-flow\">\n<p class=\"has-text-align-left\">Seit August 2022 \u00fcbernimmt Martin diesen Job. Was seine Aufgabe sind, vor welchen Herausforderungen ersteht und welche Erfahrungen im Umgang mit verschiedenen Kulturen gemacht hat, verr\u00e4t er uns in einem pers\u00f6nlichen Interview.<\/p>\n<\/div>\n<\/div>\n\n\n\n<div class=\"wp-block-cover alignfull has-small-font-size\"><span aria-hidden=\"true\" class=\"wp-block-cover__background has-cyan-bluish-gray-background-color has-background-dim\"><\/span><img decoding=\"async\" width=\"2560\" height=\"1920\" class=\"wp-block-cover__image-background wp-image-289\" alt=\"\" src=\"https:\/\/wp.uni-koblenz.de\/storytelling5\/wp-content\/uploads\/sites\/185\/2023\/03\/img_3470-2-scaled.jpg\" style=\"object-position:67% 63%\" data-object-fit=\"cover\" data-object-position=\"67% 63%\" srcset=\"https:\/\/wp.uni-koblenz.de\/storytelling5\/wp-content\/uploads\/sites\/185\/2023\/03\/img_3470-2-scaled.jpg 2560w, https:\/\/wp.uni-koblenz.de\/storytelling5\/wp-content\/uploads\/sites\/185\/2023\/03\/img_3470-2-300x225.jpg 300w, https:\/\/wp.uni-koblenz.de\/storytelling5\/wp-content\/uploads\/sites\/185\/2023\/03\/img_3470-2-1024x768.jpg 1024w, https:\/\/wp.uni-koblenz.de\/storytelling5\/wp-content\/uploads\/sites\/185\/2023\/03\/img_3470-2-768x576.jpg 768w, https:\/\/wp.uni-koblenz.de\/storytelling5\/wp-content\/uploads\/sites\/185\/2023\/03\/img_3470-2-1536x1152.jpg 1536w, https:\/\/wp.uni-koblenz.de\/storytelling5\/wp-content\/uploads\/sites\/185\/2023\/03\/img_3470-2-2048x1536.jpg 2048w, https:\/\/wp.uni-koblenz.de\/storytelling5\/wp-content\/uploads\/sites\/185\/2023\/03\/img_3470-2-320x240.jpg 320w, https:\/\/wp.uni-koblenz.de\/storytelling5\/wp-content\/uploads\/sites\/185\/2023\/03\/img_3470-2-800x600.jpg 800w, https:\/\/wp.uni-koblenz.de\/storytelling5\/wp-content\/uploads\/sites\/185\/2023\/03\/img_3470-2-1250x938.jpg 1250w, https:\/\/wp.uni-koblenz.de\/storytelling5\/wp-content\/uploads\/sites\/185\/2023\/03\/img_3470-2-400x300.jpg 400w\" sizes=\"(max-width: 2560px) 100vw, 2560px\" \/><div class=\"wp-block-cover__inner-container is-layout-flow wp-block-cover-is-layout-flow\">\n<p class=\"has-text-align-center has-white-color has-vivid-red-background-color has-text-color has-background has-large-font-size\"><strong>Welcome to University Koblenz !<\/strong><\/p>\n<\/div><\/div>\n\n\n\n<p><\/p>\n\n\n\n<p>Martin studiert seit 2019 an der Uni Koblenz, Web &amp; Data Science im Master. In seiner Heimat machte er seinen Bachelor in Computer Science und steht nun kurz vor seiner Thesis. Man stellt sich wahrscheinlich eine zur\u00fcckhaltende Person vor, die st\u00e4ndig am Rechner sitzt. Doch Martin ist das genaue Gegenteil. Er ist ein offener Mensch, der gerne auf andere zugeht und mit ihnen interagiert.<\/p>\n\n\n\n<div class=\"wp-block-cover\"><span aria-hidden=\"true\" class=\"wp-block-cover__background has-cyan-bluish-gray-background-color has-background-dim-30 has-background-dim\"><\/span><img decoding=\"async\" width=\"2560\" height=\"1920\" class=\"wp-block-cover__image-background wp-image-278\" alt=\"\" src=\"https:\/\/wp.uni-koblenz.de\/storytelling5\/wp-content\/uploads\/sites\/185\/2023\/03\/img_3467-1-1-scaled.jpg\" data-object-fit=\"cover\" srcset=\"https:\/\/wp.uni-koblenz.de\/storytelling5\/wp-content\/uploads\/sites\/185\/2023\/03\/img_3467-1-1-scaled.jpg 2560w, https:\/\/wp.uni-koblenz.de\/storytelling5\/wp-content\/uploads\/sites\/185\/2023\/03\/img_3467-1-1-300x225.jpg 300w, https:\/\/wp.uni-koblenz.de\/storytelling5\/wp-content\/uploads\/sites\/185\/2023\/03\/img_3467-1-1-1024x768.jpg 1024w, https:\/\/wp.uni-koblenz.de\/storytelling5\/wp-content\/uploads\/sites\/185\/2023\/03\/img_3467-1-1-768x576.jpg 768w, https:\/\/wp.uni-koblenz.de\/storytelling5\/wp-content\/uploads\/sites\/185\/2023\/03\/img_3467-1-1-1536x1152.jpg 1536w, https:\/\/wp.uni-koblenz.de\/storytelling5\/wp-content\/uploads\/sites\/185\/2023\/03\/img_3467-1-1-2048x1536.jpg 2048w, https:\/\/wp.uni-koblenz.de\/storytelling5\/wp-content\/uploads\/sites\/185\/2023\/03\/img_3467-1-1-320x240.jpg 320w, https:\/\/wp.uni-koblenz.de\/storytelling5\/wp-content\/uploads\/sites\/185\/2023\/03\/img_3467-1-1-800x600.jpg 800w, https:\/\/wp.uni-koblenz.de\/storytelling5\/wp-content\/uploads\/sites\/185\/2023\/03\/img_3467-1-1-1250x938.jpg 1250w, https:\/\/wp.uni-koblenz.de\/storytelling5\/wp-content\/uploads\/sites\/185\/2023\/03\/img_3467-1-1-400x300.jpg 400w\" sizes=\"(max-width: 2560px) 100vw, 2560px\" \/><div class=\"wp-block-cover__inner-container is-layout-flow wp-block-cover-is-layout-flow\">\n<p class=\"has-text-align-center has-vivid-red-color has-vivid-red-background-color has-text-color has-background has-large-font-size\"><strong><mark style=\"background-color:#cf2e2e\" class=\"has-inline-color has-white-color\">&#8222;Good Morning! Ich bin&#8230;&#8220;<\/mark><\/strong>  <\/p>\n\n\n\n<p><\/p>\n<\/div><\/div>\n\n\n\n<p><br>Ein normaler Tag an der Universit\u00e4t Koblenz. Viele Menschen, viele Gesichter, viele Sprachen. Ist man<br>hier der deutschen Sprache nicht m\u00e4chtig, stellen sich einem einige Herausforderungen in den Weg. \u00c4hnlich geht es auch Martin Okolie, dem Referat des AstAs f\u00fcr Internationales. Doch er nimmt es sehr gelassen.<br>Mit Englisch kommt man auch weit. Im Umgang mit verschiedensten Herk\u00fcnften und Kulturen<br>funktioniert es auf diesem Wege wahrscheinlich besser, da die internationalen Studierenden vor denselben Herausforderungen stehen wie er. Neben dem deutschen Essen, an das er sich noch gew\u00f6hnen muss, hat er ebenso mit dem Problem der Sprachbarriere zu k\u00e4mpfen.<\/p>\n\n\n\n<figure class=\"wp-block-embed is-type-video is-provider-youtube wp-block-embed-youtube wp-embed-aspect-16-9 wp-has-aspect-ratio\"><div class=\"wp-block-embed__wrapper\">\n<iframe title=\"Intviw M\" width=\"500\" height=\"281\" src=\"https:\/\/www.youtube.com\/embed\/3X1GNJXv9Y0?feature=oembed\" frameborder=\"0\" allow=\"accelerometer; autoplay; clipboard-write; encrypted-media; gyroscope; picture-in-picture; web-share\" referrerpolicy=\"strict-origin-when-cross-origin\" allowfullscreen><\/iframe>\n<\/div><\/figure>\n\n\n\n<div style=\"height:47px\" aria-hidden=\"true\" class=\"wp-block-spacer\"><\/div>\n\n\n\n<div class=\"wp-block-cover is-light\"><span aria-hidden=\"true\" class=\"wp-block-cover__background has-cyan-bluish-gray-background-color has-background-dim\"><\/span><img loading=\"lazy\" decoding=\"async\" width=\"2560\" height=\"1810\" class=\"wp-block-cover__image-background wp-image-410\" alt=\"\" src=\"https:\/\/wp.uni-koblenz.de\/storytelling5\/wp-content\/uploads\/sites\/185\/2023\/03\/image-scaled.jpeg\" style=\"object-position:52% 58%\" data-object-fit=\"cover\" data-object-position=\"52% 58%\" srcset=\"https:\/\/wp.uni-koblenz.de\/storytelling5\/wp-content\/uploads\/sites\/185\/2023\/03\/image-scaled.jpeg 2560w, https:\/\/wp.uni-koblenz.de\/storytelling5\/wp-content\/uploads\/sites\/185\/2023\/03\/image-300x212.jpeg 300w, https:\/\/wp.uni-koblenz.de\/storytelling5\/wp-content\/uploads\/sites\/185\/2023\/03\/image-1024x724.jpeg 1024w, https:\/\/wp.uni-koblenz.de\/storytelling5\/wp-content\/uploads\/sites\/185\/2023\/03\/image-768x543.jpeg 768w, https:\/\/wp.uni-koblenz.de\/storytelling5\/wp-content\/uploads\/sites\/185\/2023\/03\/image-1536x1086.jpeg 1536w, https:\/\/wp.uni-koblenz.de\/storytelling5\/wp-content\/uploads\/sites\/185\/2023\/03\/image-2048x1448.jpeg 2048w, https:\/\/wp.uni-koblenz.de\/storytelling5\/wp-content\/uploads\/sites\/185\/2023\/03\/image-800x566.jpeg 800w, https:\/\/wp.uni-koblenz.de\/storytelling5\/wp-content\/uploads\/sites\/185\/2023\/03\/image-1250x884.jpeg 1250w, https:\/\/wp.uni-koblenz.de\/storytelling5\/wp-content\/uploads\/sites\/185\/2023\/03\/image-400x283.jpeg 400w\" sizes=\"(max-width: 2560px) 100vw, 2560px\" \/><div class=\"wp-block-cover__inner-container is-layout-flow wp-block-cover-is-layout-flow\">\n<p class=\"has-text-align-center has-white-color has-vivid-red-background-color has-text-color has-background has-large-font-size\"><strong>Die Arbeit bei AStA<\/strong><\/p>\n<\/div><\/div>\n\n\n\n<p><br>Als Leiter des AstAs f\u00fcr Internationales fungiert Martin als Ansprechpartner f\u00fcr Studierende aus dem Ausland. Als solcher k\u00fcmmert er sich um die Bed\u00fcrfnisse und Schwierigkeiten der internationalen Studierenden. Seien es soziale oder akademische Belange. Zus\u00e4tzlich ist er ein wichtiges Bindeglied zwischen der AStA und dem StuPa (Studierendenparlament).<br>Warum der AstA f\u00fcr Internationales so wichtig ist:<\/p>\n\n\n\n<figure class=\"wp-block-pullquote has-text-align-center\"><blockquote><p><em><strong>&#8222;Internationale Studenten hatten diesen Zusammenhalt nicht wirklich. Es gab nicht viele gesellschaftliche Veranstaltungen und jeder musste f\u00fcr sich selbst sorgen. Es war stressiger. Sie hatten keine Informationen, die leicht h\u00e4tten angeboten werden k\u00f6nnen. Niemand, der ihnen was erkl\u00e4rt und sie anleitet. Sie mussten es selbst herausfinden.&#8220;<\/strong><\/em><\/p><\/blockquote><\/figure>\n\n\n\n<p>Besonders an kulturellen Veranstaltungen sollen sich die Studierenden \u201ewie zu Hause f\u00fchlen, sie selbst sein und entspannen\u201c. Martin m\u00f6chte besonders einen Raum der Begegnung bieten, um Freundschaften und Kontakte zu kn\u00fcpfen, was unter den Ma\u00dfnahmen&nbsp;w\u00e4hrend der Corona-Pandemie f\u00fcr die Studierenden aus dem Ausland nicht m\u00f6glich war.<br>Die kreativen K\u00f6pfe hinter Events wie z.B. ein Bollywood Ball sind die Studierenden selbst. Sie kommen auf Martin zu und f\u00fcttern ihn mit Ideen und Erfahrungen mit ihrer eigenen Kultur. So kann bed\u00fcrfnisorientiert geplant werden und zus\u00e4tzlich lernt Martin etwas \u00fcber die verschiedensten Kulturen.<\/p>\n\n\n\n<figure class=\"wp-block-pullquote\"><blockquote><p><em><strong>\u201eInternational bedeutet nicht nur Studenten aus einem Land, sondern aus vielen L\u00e4ndern und ich muss lernen, wie ich sie anspreche, was sie m\u00f6gen und was nicht. Klischees, die wahr oder vielleicht nicht wahr sind.\u201c<\/strong><\/em><\/p><\/blockquote><\/figure>\n\n\n\n<p>Die Organisation einer erfolgreichen Veranstaltung erfordert sehr viel Arbeit.&nbsp;Wenn Martin bei akademischen Veranstaltungen normalerweise nur einen bis zwei Tage ben\u00f6tigt, um eine Pr\u00e4sentation fertigzustellen, dann ben\u00f6tigt der Prozess der Organisation einer sozialen Veranstaltung mehr Zeit. Sobald er die Idee hat, muss er jedes Detail planen, von den M\u00f6beln, dem Veranstaltungsort, dem Essen bis hin zu den Aktivit\u00e4ten. Bei gr\u00f6\u00dferen Events muss sich auch um die finanzielle Unterst\u00fctzung gek\u00fcmmert werden. Martin ben\u00f6tigt eine detaillierte Planung und Pr\u00e4sentationen, um die Zustimmung der anderen Mitglieder bei der w\u00f6chentlichen AStA-Sitzung einzuholen. Wenn ein h\u00f6heres Budget ben\u00f6tigt wird, muss der Plan beim StuPa (Studierendenparlament) eingereicht werden. Nach all den oben genannten Prozessen kann er mit dem Erstellen des Programms beginnen. Damit eine Veranstaltung stattfinden kann, sind mindestens zwei Wochen bis zu einem Monat Vorbereitungszeit erforderlich. Das ist ein langer Prozess und erfordert die Hilfe vieler Menschen, aber angesichts des aufgeregten L\u00e4chelns der Teilnehmer ist es jede M\u00fche wert.<\/p>\n\n\n\n<div class=\"alignnormal\"><div id=\"metaslider-id-362\" style=\"max-width: 700px; margin: 0 auto;\" class=\"ml-slider-3-108-0 metaslider metaslider-flex metaslider-362 ml-slider has-dots-nav ms-theme-default\" role=\"region\" aria-label=\"Asta slideshow\" data-height=\"450\" data-width=\"700\">\n    <div id=\"metaslider_container_362\">\n        <div id=\"metaslider_362\">\n            <ul class='slides'>\n                <li style=\"display: block; width: 100%;\" class=\"slide-385 ms-image \" aria-roledescription=\"slide\" data-date=\"2023-03-26 16:54:07\" data-filename=\"Erstie-treffen-edited-700x450.png\" data-slide-type=\"image\"><img loading=\"lazy\" decoding=\"async\" src=\"https:\/\/wp.uni-koblenz.de\/storytelling5\/wp-content\/uploads\/sites\/185\/2023\/03\/Erstie-treffen-edited-700x450.png\" height=\"450\" width=\"700\" alt=\"\" class=\"slider-362 slide-385 msDefaultImage\" title=\"Erstie treffen edited\" \/><div class=\"caption-wrap\"><div class=\"caption\">Ersties International Treffen Wintersemester 22\/23. Quelle: OLAT Orientation Week for International Students<\/div><\/div><\/li>\n                <li style=\"display: none; width: 100%;\" class=\"slide-420 ms-image \" aria-roledescription=\"slide\" data-date=\"2023-03-26 22:40:39\" data-filename=\"Anh-2-700x450.png\" data-slide-type=\"image\"><img loading=\"lazy\" decoding=\"async\" src=\"https:\/\/wp.uni-koblenz.de\/storytelling5\/wp-content\/uploads\/sites\/185\/2023\/03\/Anh-2-700x450.png\" height=\"450\" width=\"700\" alt=\"\" class=\"slider-362 slide-420 msDefaultImage\" title=\"Anh-2\" \/><\/li>\n                <li style=\"display: none; width: 100%;\" class=\"slide-388 ms-image \" aria-roledescription=\"slide\" data-date=\"2023-03-26 16:55:35\" data-filename=\"IMG_0589-700x450.jpg\" data-slide-type=\"image\"><img loading=\"lazy\" decoding=\"async\" src=\"https:\/\/wp.uni-koblenz.de\/storytelling5\/wp-content\/uploads\/sites\/185\/2023\/03\/IMG_0589-700x450.jpg\" height=\"450\" width=\"700\" alt=\"\" class=\"slider-362 slide-388 msDefaultImage\" title=\"IMG_0589\" \/><div class=\"caption-wrap\"><div class=\"caption\">Bollywood Ball 2022<\/div><\/div><\/li>\n                <li style=\"display: none; width: 100%;\" class=\"slide-390 ms-image \" aria-roledescription=\"slide\" data-date=\"2023-03-26 16:56:42\" data-filename=\"Garba-minh-hoa-2-700x450.png\" data-slide-type=\"image\"><img loading=\"lazy\" decoding=\"async\" src=\"https:\/\/wp.uni-koblenz.de\/storytelling5\/wp-content\/uploads\/sites\/185\/2023\/03\/Garba-minh-hoa-2-700x450.png\" height=\"450\" width=\"700\" alt=\"\" class=\"slider-362 slide-390 msDefaultImage\" title=\"Garba minh hoa 2\" \/><div class=\"caption-wrap\"><div class=\"caption\">Garba Night 2022<\/div><\/div><\/li>\n                <li style=\"display: none; width: 100%;\" class=\"slide-387 ms-image \" aria-roledescription=\"slide\" data-date=\"2023-03-26 16:55:35\" data-filename=\"Bollywood-Ball-700x450.png\" data-slide-type=\"image\"><img loading=\"lazy\" decoding=\"async\" src=\"https:\/\/wp.uni-koblenz.de\/storytelling5\/wp-content\/uploads\/sites\/185\/2023\/03\/Bollywood-Ball-700x450.png\" height=\"450\" width=\"700\" alt=\"\" class=\"slider-362 slide-387 msDefaultImage\" title=\"Bollywood Ball\" \/><div class=\"caption-wrap\"><div class=\"caption\">Bollywood Ball 2022<\/div><\/div><\/li>\n            <\/ul>\n        <\/div>\n        \n    <\/div>\n<\/div><\/div>\n\n\n\n<div style=\"height:21px\" aria-hidden=\"true\" class=\"wp-block-spacer\"><\/div>\n\n\n\n<div class=\"wp-block-cover is-light\"><span aria-hidden=\"true\" class=\"wp-block-cover__background has-cyan-bluish-gray-background-color has-background-dim\"><\/span><img loading=\"lazy\" decoding=\"async\" width=\"2854\" height=\"1620\" class=\"wp-block-cover__image-background wp-image-375\" alt=\"\" src=\"https:\/\/wp.uni-koblenz.de\/storytelling5\/wp-content\/uploads\/sites\/185\/2023\/03\/Olat-Klip-Mahara-1.png\" data-object-fit=\"cover\" srcset=\"https:\/\/wp.uni-koblenz.de\/storytelling5\/wp-content\/uploads\/sites\/185\/2023\/03\/Olat-Klip-Mahara-1.png 2854w, https:\/\/wp.uni-koblenz.de\/storytelling5\/wp-content\/uploads\/sites\/185\/2023\/03\/Olat-Klip-Mahara-1-300x170.png 300w, https:\/\/wp.uni-koblenz.de\/storytelling5\/wp-content\/uploads\/sites\/185\/2023\/03\/Olat-Klip-Mahara-1-1024x581.png 1024w, https:\/\/wp.uni-koblenz.de\/storytelling5\/wp-content\/uploads\/sites\/185\/2023\/03\/Olat-Klip-Mahara-1-768x436.png 768w, https:\/\/wp.uni-koblenz.de\/storytelling5\/wp-content\/uploads\/sites\/185\/2023\/03\/Olat-Klip-Mahara-1-1536x872.png 1536w, https:\/\/wp.uni-koblenz.de\/storytelling5\/wp-content\/uploads\/sites\/185\/2023\/03\/Olat-Klip-Mahara-1-2048x1162.png 2048w, https:\/\/wp.uni-koblenz.de\/storytelling5\/wp-content\/uploads\/sites\/185\/2023\/03\/Olat-Klip-Mahara-1-800x454.png 800w, https:\/\/wp.uni-koblenz.de\/storytelling5\/wp-content\/uploads\/sites\/185\/2023\/03\/Olat-Klip-Mahara-1-1250x710.png 1250w, https:\/\/wp.uni-koblenz.de\/storytelling5\/wp-content\/uploads\/sites\/185\/2023\/03\/Olat-Klip-Mahara-1-400x227.png 400w\" sizes=\"(max-width: 2854px) 100vw, 2854px\" \/><div class=\"wp-block-cover__inner-container is-layout-flow wp-block-cover-is-layout-flow\">\n<p class=\"has-text-align-center has-vivid-red-background-color has-background has-large-font-size\"><strong><mark style=\"background-color:#cf2e2e\" class=\"has-inline-color has-white-color\">New Students Events<\/mark><\/strong><\/p>\n<\/div><\/div>\n\n\n\n<p><\/p>\n\n\n\n<p>KLIPS, SOGO, OLAT, UniConnect, Mahara, Kuwi24.&nbsp;F\u00fcr die neuen Studierenden der Universit\u00e4t Koblenz werden diese Begriffe wie ein Labyrinth aus W\u00f6rtern aussehen. Selbst wir, die wir schon lange nicht mehr \u201eErsties\u201c sind, zucken manchmal bei der Frage nach der Nutzung dieser Websites immer noch verwirrt mit den Schultern. Was ist das f\u00fcr eine Website? Wo finde ich die Note? Warum kann ich mich nicht anmelden? Eine Reihe von Fragen schie\u00dft durch den Kopf. Als AStA Referent und gleichzeitig auch als Student versteht Martin ihre Anliegen. Deshalb traf er die Entscheidung, etwas zu tun, um zu helfen.&nbsp;<\/p>\n\n\n\n<p>Mit der Hilfe von Mushahid Hussain Khan, dem fr\u00fcheren Referent von AStA International, organisierte Martin w\u00e4hrend der Orientierungswoche eine studentische Veranstaltung, bei der er alle Systeme der Universit\u00e4t erkl\u00e4rte und die Unklarheit l\u00f6ste.<\/p>\n\n\n\n<p class=\"has-text-align-left\">Dar\u00fcber hinaus f\u00fchrte er auch ein akademisches Seminar durch. Dort lud er Absolventen des Masterstudiums ein, sich auszutauschen, Ratschl\u00e4ge und n\u00fctzliche Tipps aus der eigenen Erfahrung beim Verfassen der Abschlussarbeit zu geben. Solche Seminare erleichtern den Studierenden nicht nur den Zugang zu praktischen Informationen im Zusammenhang mit dem Forschungsprozess, sondern schaffen auch eine Kommunikation zwischen den Studierenden verschiedener Jahrg\u00e4nge.<\/p>\n\n\n\n<figure class=\"wp-block-embed is-type-video is-provider-youtube wp-block-embed-youtube wp-embed-aspect-16-9 wp-has-aspect-ratio\"><div class=\"wp-block-embed__wrapper\">\n<iframe title=\"NStudent\" width=\"500\" height=\"281\" src=\"https:\/\/www.youtube.com\/embed\/yNvyybTOVgI?feature=oembed\" frameborder=\"0\" allow=\"accelerometer; autoplay; clipboard-write; encrypted-media; gyroscope; picture-in-picture; web-share\" referrerpolicy=\"strict-origin-when-cross-origin\" allowfullscreen><\/iframe>\n<\/div><figcaption class=\"wp-element-caption\"><em>Quelle: Instagram von internationales_unikoblenz<\/em><\/figcaption><\/figure>\n\n\n\n<div style=\"height:29px\" aria-hidden=\"true\" class=\"wp-block-spacer\"><\/div>\n\n\n\n<div class=\"wp-block-cover aligncenter is-light\"><span aria-hidden=\"true\" class=\"wp-block-cover__background has-cyan-bluish-gray-background-color has-background-dim\"><\/span><img loading=\"lazy\" decoding=\"async\" width=\"2554\" height=\"1320\" class=\"wp-block-cover__image-background wp-image-376\" alt=\"\" src=\"https:\/\/wp.uni-koblenz.de\/storytelling5\/wp-content\/uploads\/sites\/185\/2023\/03\/edited-Abbildung-garba-3-edited.png\" data-object-fit=\"cover\" srcset=\"https:\/\/wp.uni-koblenz.de\/storytelling5\/wp-content\/uploads\/sites\/185\/2023\/03\/edited-Abbildung-garba-3-edited.png 2554w, https:\/\/wp.uni-koblenz.de\/storytelling5\/wp-content\/uploads\/sites\/185\/2023\/03\/edited-Abbildung-garba-3-edited-300x155.png 300w, https:\/\/wp.uni-koblenz.de\/storytelling5\/wp-content\/uploads\/sites\/185\/2023\/03\/edited-Abbildung-garba-3-edited-1024x529.png 1024w, https:\/\/wp.uni-koblenz.de\/storytelling5\/wp-content\/uploads\/sites\/185\/2023\/03\/edited-Abbildung-garba-3-edited-768x397.png 768w, https:\/\/wp.uni-koblenz.de\/storytelling5\/wp-content\/uploads\/sites\/185\/2023\/03\/edited-Abbildung-garba-3-edited-1536x794.png 1536w, https:\/\/wp.uni-koblenz.de\/storytelling5\/wp-content\/uploads\/sites\/185\/2023\/03\/edited-Abbildung-garba-3-edited-2048x1058.png 2048w, https:\/\/wp.uni-koblenz.de\/storytelling5\/wp-content\/uploads\/sites\/185\/2023\/03\/edited-Abbildung-garba-3-edited-1250x646.png 1250w, https:\/\/wp.uni-koblenz.de\/storytelling5\/wp-content\/uploads\/sites\/185\/2023\/03\/edited-Abbildung-garba-3-edited-400x207.png 400w\" sizes=\"(max-width: 2554px) 100vw, 2554px\" \/><div class=\"wp-block-cover__inner-container is-layout-flow wp-block-cover-is-layout-flow\">\n<p class=\"has-text-align-center has-vivid-red-background-color has-background has-large-font-size\"><strong><mark style=\"background-color:#cf2e2e\" class=\"has-inline-color has-white-color\">Garba Night<\/mark><\/strong><\/p>\n<\/div><\/div>\n\n\n\n<p><\/p>\n\n\n\n<p>Mit weltweiten Studierendenaustauschprojekten sowie tollen Studienangeboten in deutscher und englischer Sprache gewinnt die Universit\u00e4t Koblenz immer mehr internationale Studierende, insbesondere Studierende aus S\u00fcdasien wie Indien, Bangladesch oder Pakistan. W\u00e4hrend der Festivaltage entscheiden sich einige Leute daf\u00fcr, in ihre Heimatregion zur\u00fcckzufliegen, um zu feiern, aber nicht jeder kann das tun. Unter solchen Umst\u00e4nden entstand die Idee der \u201eGarba-Night\u201c.&nbsp;<\/p>\n\n\n<div class=\"wp-block-image\">\n<figure class=\"aligncenter size-large is-resized\"><img loading=\"lazy\" decoding=\"async\" src=\"https:\/\/wp.uni-koblenz.de\/storytelling5\/wp-content\/uploads\/sites\/185\/2023\/03\/Info-Garba-1024x614.jpg\" alt=\"\" class=\"wp-image-444\" width=\"690\" height=\"413\" srcset=\"https:\/\/wp.uni-koblenz.de\/storytelling5\/wp-content\/uploads\/sites\/185\/2023\/03\/Info-Garba-1024x614.jpg 1024w, https:\/\/wp.uni-koblenz.de\/storytelling5\/wp-content\/uploads\/sites\/185\/2023\/03\/Info-Garba-300x180.jpg 300w, https:\/\/wp.uni-koblenz.de\/storytelling5\/wp-content\/uploads\/sites\/185\/2023\/03\/Info-Garba-768x460.jpg 768w, https:\/\/wp.uni-koblenz.de\/storytelling5\/wp-content\/uploads\/sites\/185\/2023\/03\/Info-Garba-1536x921.jpg 1536w, https:\/\/wp.uni-koblenz.de\/storytelling5\/wp-content\/uploads\/sites\/185\/2023\/03\/Info-Garba-2048x1228.jpg 2048w, https:\/\/wp.uni-koblenz.de\/storytelling5\/wp-content\/uploads\/sites\/185\/2023\/03\/Info-Garba-800x480.jpg 800w, https:\/\/wp.uni-koblenz.de\/storytelling5\/wp-content\/uploads\/sites\/185\/2023\/03\/Info-Garba-1250x749.jpg 1250w, https:\/\/wp.uni-koblenz.de\/storytelling5\/wp-content\/uploads\/sites\/185\/2023\/03\/Info-Garba-400x240.jpg 400w\" sizes=\"(max-width: 690px) 100vw, 690px\" \/><\/figure>\n<\/div>\n\n\n<p><br>Im Jahr 2022 fand direkt auf dem Campus Koblenz&nbsp;ein kleines Festival statt. An diesem traditionellen Abend waren nicht nur die s\u00fcdasiatischen Studierenden, sondern auch alle Studierenden und Mitglieder der Universit\u00e4t herzlich willkommen und konnten mitfeiern. Einige trugen ihre traditionelle Kleidung und tanzten um einen zentralen Altar. Wenn er sich an die Garba-Nacht erinnert, muss Martin zugeben, dass die T\u00e4nze eine Herausforderung f\u00fcr ihn waren. Es war gar nicht leicht, sie zu lernen. Obwohl die Tanzschritte kompliziert waren, taten sie es alle mit Aufregung in ihren Gesichtern. Dies ist eine echte Gelegenheit, zu erkennen, worum es an der Universit\u00e4t Koblenz geht: <strong>Kulturelle Vielfalt und voneinander lernen<\/strong>.&nbsp;<\/p>\n\n\n\n<p>F\u00fcr andere Teilnehmer ist dies eine Nacht, um neue Kulturen au\u00dferhalb Deutschlands kennenzulernen und religi\u00f6se Praktiken mitzuerleben. Aber f\u00fcr Studierende aus Regionen S\u00fcdasiens bedeutet das viel mehr. Beim Auslandsstudium denkt man oft an Abenteuer, neue Perspektiven kennenlernen oder ausgezeichnete Erfahrungen in einem globalen Umfeld. Doch damit einher gehen Einsamkeit und vor allem Heimweh. Gerade an besonderen Feiertagen ist das Gef\u00fchl der Leere abseits von Familie und Freunden oder der Heimat noch ausgepr\u00e4gter. Deswegen bereiten Veranstaltungen wie diese den Studierenden gro\u00dfe Freude. Sie sind in einem vertrauten kulturellen Umfeld und essen k\u00f6stliche Gerichte aus ihrer Heimat. Zumindest f\u00fcr ein paar Stunden kehren sie tats\u00e4chlich nach Hause zur\u00fcck \u2013 teilt Martin uns mit. Sein Job als Referent macht nur dann Sinn, wenn man den Studierenden zuh\u00f6ren kann und macht, was sie wirklich wollen.<\/p>\n\n\n\n<figure class=\"wp-block-embed is-type-video is-provider-youtube wp-block-embed-youtube wp-embed-aspect-16-9 wp-has-aspect-ratio\"><div class=\"wp-block-embed__wrapper\">\n<iframe title=\"GN22\" width=\"500\" height=\"281\" src=\"https:\/\/www.youtube.com\/embed\/5paZmJjC0VY?feature=oembed\" frameborder=\"0\" allow=\"accelerometer; autoplay; clipboard-write; encrypted-media; gyroscope; picture-in-picture; web-share\" referrerpolicy=\"strict-origin-when-cross-origin\" allowfullscreen><\/iframe>\n<\/div><figcaption class=\"wp-element-caption\"><em>Quelle: Instagram von internationales_unikoblenz &#8211; Music: Bandish Projekt &#8211; Video Credit: Abhishek Mirajkar<\/em><\/figcaption><\/figure>\n\n\n\n<h4 class=\"has-medium-font-size wp-block-heading\"><em>Weitere Veranstaltung: Bollywood Ball 2022<\/em> <\/h4>\n\n\n\n<figure class=\"wp-block-embed is-type-video is-provider-youtube wp-block-embed-youtube wp-embed-aspect-16-9 wp-has-aspect-ratio\"><div class=\"wp-block-embed__wrapper\">\n<iframe title=\"BB22\" width=\"500\" height=\"281\" src=\"https:\/\/www.youtube.com\/embed\/BxkCICcXn_Y?feature=oembed\" frameborder=\"0\" allow=\"accelerometer; autoplay; clipboard-write; encrypted-media; gyroscope; picture-in-picture; web-share\" referrerpolicy=\"strict-origin-when-cross-origin\" allowfullscreen><\/iframe>\n<\/div><figcaption class=\"wp-element-caption\"><em>Quelle: Instagram von internationales_unikoblenz &#8211; Music: T-Series &amp; @badboyshah &#8211; Video Credit: @dinodunodino<\/em><\/figcaption><\/figure>\n\n\n\n<div class=\"wp-block-cover is-light\"><span aria-hidden=\"true\" class=\"wp-block-cover__background has-cyan-bluish-gray-background-color has-background-dim-30 has-background-dim\"><\/span><img loading=\"lazy\" decoding=\"async\" width=\"2560\" height=\"1920\" class=\"wp-block-cover__image-background wp-image-424\" alt=\"\" src=\"https:\/\/wp.uni-koblenz.de\/storytelling5\/wp-content\/uploads\/sites\/185\/2023\/03\/IMG_0468-scaled.jpeg\" style=\"object-position:72% 65%\" data-object-fit=\"cover\" data-object-position=\"72% 65%\" srcset=\"https:\/\/wp.uni-koblenz.de\/storytelling5\/wp-content\/uploads\/sites\/185\/2023\/03\/IMG_0468-scaled.jpeg 2560w, https:\/\/wp.uni-koblenz.de\/storytelling5\/wp-content\/uploads\/sites\/185\/2023\/03\/IMG_0468-300x225.jpeg 300w, https:\/\/wp.uni-koblenz.de\/storytelling5\/wp-content\/uploads\/sites\/185\/2023\/03\/IMG_0468-1024x768.jpeg 1024w, https:\/\/wp.uni-koblenz.de\/storytelling5\/wp-content\/uploads\/sites\/185\/2023\/03\/IMG_0468-768x576.jpeg 768w, https:\/\/wp.uni-koblenz.de\/storytelling5\/wp-content\/uploads\/sites\/185\/2023\/03\/IMG_0468-1536x1152.jpeg 1536w, https:\/\/wp.uni-koblenz.de\/storytelling5\/wp-content\/uploads\/sites\/185\/2023\/03\/IMG_0468-2048x1536.jpeg 2048w, https:\/\/wp.uni-koblenz.de\/storytelling5\/wp-content\/uploads\/sites\/185\/2023\/03\/IMG_0468-320x240.jpeg 320w, https:\/\/wp.uni-koblenz.de\/storytelling5\/wp-content\/uploads\/sites\/185\/2023\/03\/IMG_0468-800x600.jpeg 800w, https:\/\/wp.uni-koblenz.de\/storytelling5\/wp-content\/uploads\/sites\/185\/2023\/03\/IMG_0468-1250x938.jpeg 1250w, https:\/\/wp.uni-koblenz.de\/storytelling5\/wp-content\/uploads\/sites\/185\/2023\/03\/IMG_0468-400x300.jpeg 400w\" sizes=\"(max-width: 2560px) 100vw, 2560px\" \/><div class=\"wp-block-cover__inner-container is-layout-flow wp-block-cover-is-layout-flow\">\n<p class=\"has-text-align-center has-white-color has-vivid-red-background-color has-text-color has-background has-large-font-size\"><strong>Schluss&#8230;?<\/strong><\/p>\n<\/div><\/div>\n\n\n\n<p><br>Nach seinem Masterabschluss strebt er eine Karriere im Zusammenhang mit Web- und Datenwissenschaft an. Diese Entscheidung hilft ihm, sowohl mehr Zeit zum Erlernen der deutschen Sprache zu haben, als auch seine Karriere in Deutschland, einem f\u00fchrenden Industrieland der Welt, voranzutreiben. Einige Leute denken vielleicht, dass die sozialen F\u00e4higkeiten, die er aus seiner Zeit bei AStA erworben hat, ihm in einer Branche, die stark auf Technik ausgerichtet ist, keine gro\u00dfe Hilfe w\u00e4re. Aber Martin glaubt, dass dies von der Position abh\u00e4ngig ist, in der er arbeiten w\u00fcrde, wie zum Beispiel Technischer Entwickler oder Berater. Mit Menschen kommunizieren, Veranstaltungen organisieren sowie Probleme l\u00f6sen sind nur einige der Dinge, die Martin w\u00e4hrend seiner Amtszeit gelernt hat. Wenn man sp\u00e4ter mit vielen Menschen zusammenarbeitet oder verschiedene Kunden \u00fcberzeugen muss, sind diese Erfahrungen \u00e4u\u00dferst hilfreich.<\/p>\n\n\n\n<p>Martins Zeit bei AStA International ist zwar nicht lange gewesen, aber es hat gereicht, um sch\u00f6ne Erinnerungen gemacht zu haben und n\u00fctzliche soziale F\u00e4higkeiten zu erwerben. Obwohl es Zeiten gab, in denen es stressig war, war er froh, dass er sich f\u00fcr den AStA entschieden hatte.<\/p>\n\n\n\n<hr class=\"wp-block-separator has-alpha-channel-opacity\" \/>\n\n\n\n<p class=\"has-text-color has-small-font-size\" style=\"color:#818c94\">Autoren: Alexander Czernia und Minh Chau Nguyen<\/p>\n","protected":false},"excerpt":{"rendered":"<p>\u201eStressig, aber erfreulich\u201c So beschreibt Martin Okolie seine T\u00e4tigkeit als Referat des AStAs (Allgemeine Studierendenausschuss) f\u00fcr Internationales an der Universit\u00e4t Koblenz. Als Vermittler und Ansprechperson, der selbst mit Sprachbarrieren zu k\u00e4mpfen hat, \u00f6ffnet er eine T\u00fcr zwischen Universit\u00e4t und Studierenden verschiedenster Herkunft und Kulturen. Seit August 2022 \u00fcbernimmt Martin diesen Job. Was seine Aufgabe sind, [&hellip;]<\/p>\n","protected":false},"author":709,"featured_media":340,"comment_status":"open","ping_status":"open","sticky":false,"template":"","format":"standard","meta":{"footnotes":""},"categories":[1],"tags":[7,8,10,9,11],"class_list":["post-311","post","type-post","status-publish","format-standard","has-post-thumbnail","hentry","category-allgemein","tag-asta","tag-international","tag-kultur","tag-martin-okolie","tag-studierende"],"yoast_head":"<!-- This site is optimized with the Yoast SEO plugin v27.4 - https:\/\/yoast.com\/product\/yoast-seo-wordpress\/ -->\n<title>Einer f\u00fcr Alle - Kulturraum Koblenz<\/title>\n<meta name=\"robots\" content=\"index, follow, max-snippet:-1, max-image-preview:large, max-video-preview:-1\" \/>\n<link rel=\"canonical\" href=\"https:\/\/wp.uni-koblenz.de\/storytelling5\/2023\/03\/21\/einer-fuer-alle\/\" \/>\n<meta property=\"og:locale\" content=\"de_DE\" \/>\n<meta property=\"og:type\" content=\"article\" \/>\n<meta property=\"og:title\" content=\"Einer f\u00fcr Alle - Kulturraum Koblenz\" \/>\n<meta property=\"og:description\" content=\"\u201eStressig, aber erfreulich\u201c So beschreibt Martin Okolie seine T\u00e4tigkeit als Referat des AStAs (Allgemeine Studierendenausschuss) f\u00fcr Internationales an der Universit\u00e4t Koblenz. Als Vermittler und Ansprechperson, der selbst mit Sprachbarrieren zu k\u00e4mpfen hat, \u00f6ffnet er eine T\u00fcr zwischen Universit\u00e4t und Studierenden verschiedenster Herkunft und Kulturen. Seit August 2022 \u00fcbernimmt Martin diesen Job. Was seine Aufgabe sind, [&hellip;]\" \/>\n<meta property=\"og:url\" content=\"https:\/\/wp.uni-koblenz.de\/storytelling5\/2023\/03\/21\/einer-fuer-alle\/\" \/>\n<meta property=\"og:site_name\" content=\"Kulturraum Koblenz\" \/>\n<meta property=\"article:published_time\" content=\"2023-03-21T22:29:43+00:00\" \/>\n<meta property=\"article:modified_time\" content=\"2023-03-31T20:40:43+00:00\" \/>\n<meta property=\"og:image\" content=\"https:\/\/wp.uni-koblenz.de\/storytelling5\/wp-content\/uploads\/sites\/185\/2023\/03\/MOkolie-beitragsbild-1-scaled.jpg\" \/>\n\t<meta property=\"og:image:width\" content=\"2560\" \/>\n\t<meta property=\"og:image:height\" content=\"1920\" \/>\n\t<meta property=\"og:image:type\" content=\"image\/jpeg\" \/>\n<meta name=\"author\" content=\"chau\" \/>\n<meta name=\"twitter:card\" content=\"summary_large_image\" \/>\n<meta name=\"twitter:label1\" content=\"Verfasst von\" \/>\n\t<meta name=\"twitter:data1\" content=\"chau\" \/>\n<script type=\"application\/ld+json\" class=\"yoast-schema-graph\">{\"@context\":\"https:\\\/\\\/schema.org\",\"@graph\":[{\"@type\":\"Article\",\"@id\":\"https:\\\/\\\/wp.uni-koblenz.de\\\/storytelling5\\\/2023\\\/03\\\/21\\\/einer-fuer-alle\\\/#article\",\"isPartOf\":{\"@id\":\"https:\\\/\\\/wp.uni-koblenz.de\\\/storytelling5\\\/2023\\\/03\\\/21\\\/einer-fuer-alle\\\/\"},\"author\":{\"name\":\"chau\",\"@id\":\"https:\\\/\\\/wp.uni-koblenz.de\\\/storytelling5\\\/#\\\/schema\\\/person\\\/4ba1382ddd0ea2929d8d51163c3e716a\"},\"headline\":\"Einer f\u00fcr Alle\",\"datePublished\":\"2023-03-21T22:29:43+00:00\",\"dateModified\":\"2023-03-31T20:40:43+00:00\",\"mainEntityOfPage\":{\"@id\":\"https:\\\/\\\/wp.uni-koblenz.de\\\/storytelling5\\\/2023\\\/03\\\/21\\\/einer-fuer-alle\\\/\"},\"wordCount\":1477,\"commentCount\":0,\"image\":{\"@id\":\"https:\\\/\\\/wp.uni-koblenz.de\\\/storytelling5\\\/2023\\\/03\\\/21\\\/einer-fuer-alle\\\/#primaryimage\"},\"thumbnailUrl\":\"https:\\\/\\\/wp.uni-koblenz.de\\\/storytelling5\\\/wp-content\\\/uploads\\\/sites\\\/185\\\/2023\\\/03\\\/MOkolie-beitragsbild-1-scaled.jpg\",\"keywords\":[\"AStA\",\"International\",\"Kultur\",\"Martin Okolie\",\"Studierende\"],\"inLanguage\":\"de\",\"potentialAction\":[{\"@type\":\"CommentAction\",\"name\":\"Comment\",\"target\":[\"https:\\\/\\\/wp.uni-koblenz.de\\\/storytelling5\\\/2023\\\/03\\\/21\\\/einer-fuer-alle\\\/#respond\"]}]},{\"@type\":\"WebPage\",\"@id\":\"https:\\\/\\\/wp.uni-koblenz.de\\\/storytelling5\\\/2023\\\/03\\\/21\\\/einer-fuer-alle\\\/\",\"url\":\"https:\\\/\\\/wp.uni-koblenz.de\\\/storytelling5\\\/2023\\\/03\\\/21\\\/einer-fuer-alle\\\/\",\"name\":\"Einer f\u00fcr Alle - Kulturraum Koblenz\",\"isPartOf\":{\"@id\":\"https:\\\/\\\/wp.uni-koblenz.de\\\/storytelling5\\\/#website\"},\"primaryImageOfPage\":{\"@id\":\"https:\\\/\\\/wp.uni-koblenz.de\\\/storytelling5\\\/2023\\\/03\\\/21\\\/einer-fuer-alle\\\/#primaryimage\"},\"image\":{\"@id\":\"https:\\\/\\\/wp.uni-koblenz.de\\\/storytelling5\\\/2023\\\/03\\\/21\\\/einer-fuer-alle\\\/#primaryimage\"},\"thumbnailUrl\":\"https:\\\/\\\/wp.uni-koblenz.de\\\/storytelling5\\\/wp-content\\\/uploads\\\/sites\\\/185\\\/2023\\\/03\\\/MOkolie-beitragsbild-1-scaled.jpg\",\"datePublished\":\"2023-03-21T22:29:43+00:00\",\"dateModified\":\"2023-03-31T20:40:43+00:00\",\"author\":{\"@id\":\"https:\\\/\\\/wp.uni-koblenz.de\\\/storytelling5\\\/#\\\/schema\\\/person\\\/4ba1382ddd0ea2929d8d51163c3e716a\"},\"breadcrumb\":{\"@id\":\"https:\\\/\\\/wp.uni-koblenz.de\\\/storytelling5\\\/2023\\\/03\\\/21\\\/einer-fuer-alle\\\/#breadcrumb\"},\"inLanguage\":\"de\",\"potentialAction\":[{\"@type\":\"ReadAction\",\"target\":[\"https:\\\/\\\/wp.uni-koblenz.de\\\/storytelling5\\\/2023\\\/03\\\/21\\\/einer-fuer-alle\\\/\"]}]},{\"@type\":\"ImageObject\",\"inLanguage\":\"de\",\"@id\":\"https:\\\/\\\/wp.uni-koblenz.de\\\/storytelling5\\\/2023\\\/03\\\/21\\\/einer-fuer-alle\\\/#primaryimage\",\"url\":\"https:\\\/\\\/wp.uni-koblenz.de\\\/storytelling5\\\/wp-content\\\/uploads\\\/sites\\\/185\\\/2023\\\/03\\\/MOkolie-beitragsbild-1-scaled.jpg\",\"contentUrl\":\"https:\\\/\\\/wp.uni-koblenz.de\\\/storytelling5\\\/wp-content\\\/uploads\\\/sites\\\/185\\\/2023\\\/03\\\/MOkolie-beitragsbild-1-scaled.jpg\",\"width\":2560,\"height\":1920},{\"@type\":\"BreadcrumbList\",\"@id\":\"https:\\\/\\\/wp.uni-koblenz.de\\\/storytelling5\\\/2023\\\/03\\\/21\\\/einer-fuer-alle\\\/#breadcrumb\",\"itemListElement\":[{\"@type\":\"ListItem\",\"position\":1,\"name\":\"Startseite\",\"item\":\"https:\\\/\\\/wp.uni-koblenz.de\\\/storytelling5\\\/\"},{\"@type\":\"ListItem\",\"position\":2,\"name\":\"Einer f\u00fcr Alle\"}]},{\"@type\":\"WebSite\",\"@id\":\"https:\\\/\\\/wp.uni-koblenz.de\\\/storytelling5\\\/#website\",\"url\":\"https:\\\/\\\/wp.uni-koblenz.de\\\/storytelling5\\\/\",\"name\":\"Kulturraum Koblenz\",\"description\":\"Eine weitere Universit\u00e4t Koblenz \u00b7 Landau - Benutzerseiten Website\",\"potentialAction\":[{\"@type\":\"SearchAction\",\"target\":{\"@type\":\"EntryPoint\",\"urlTemplate\":\"https:\\\/\\\/wp.uni-koblenz.de\\\/storytelling5\\\/?s={search_term_string}\"},\"query-input\":{\"@type\":\"PropertyValueSpecification\",\"valueRequired\":true,\"valueName\":\"search_term_string\"}}],\"inLanguage\":\"de\"},{\"@type\":\"Person\",\"@id\":\"https:\\\/\\\/wp.uni-koblenz.de\\\/storytelling5\\\/#\\\/schema\\\/person\\\/4ba1382ddd0ea2929d8d51163c3e716a\",\"name\":\"chau\",\"image\":{\"@type\":\"ImageObject\",\"inLanguage\":\"de\",\"@id\":\"https:\\\/\\\/secure.gravatar.com\\\/avatar\\\/df0f3b2455f739557060d0b785bc5fec299953b52120ea4ae792c1e9a9936b38?s=96&d=mm&r=g\",\"url\":\"https:\\\/\\\/secure.gravatar.com\\\/avatar\\\/df0f3b2455f739557060d0b785bc5fec299953b52120ea4ae792c1e9a9936b38?s=96&d=mm&r=g\",\"contentUrl\":\"https:\\\/\\\/secure.gravatar.com\\\/avatar\\\/df0f3b2455f739557060d0b785bc5fec299953b52120ea4ae792c1e9a9936b38?s=96&d=mm&r=g\",\"caption\":\"chau\"},\"url\":\"https:\\\/\\\/wp.uni-koblenz.de\\\/storytelling5\\\/author\\\/chau\\\/\"}]}<\/script>\n<!-- \/ Yoast SEO plugin. -->","yoast_head_json":{"title":"Einer f\u00fcr Alle - Kulturraum Koblenz","robots":{"index":"index","follow":"follow","max-snippet":"max-snippet:-1","max-image-preview":"max-image-preview:large","max-video-preview":"max-video-preview:-1"},"canonical":"https:\/\/wp.uni-koblenz.de\/storytelling5\/2023\/03\/21\/einer-fuer-alle\/","og_locale":"de_DE","og_type":"article","og_title":"Einer f\u00fcr Alle - Kulturraum Koblenz","og_description":"\u201eStressig, aber erfreulich\u201c So beschreibt Martin Okolie seine T\u00e4tigkeit als Referat des AStAs (Allgemeine Studierendenausschuss) f\u00fcr Internationales an der Universit\u00e4t Koblenz. Als Vermittler und Ansprechperson, der selbst mit Sprachbarrieren zu k\u00e4mpfen hat, \u00f6ffnet er eine T\u00fcr zwischen Universit\u00e4t und Studierenden verschiedenster Herkunft und Kulturen. Seit August 2022 \u00fcbernimmt Martin diesen Job. Was seine Aufgabe sind, [&hellip;]","og_url":"https:\/\/wp.uni-koblenz.de\/storytelling5\/2023\/03\/21\/einer-fuer-alle\/","og_site_name":"Kulturraum Koblenz","article_published_time":"2023-03-21T22:29:43+00:00","article_modified_time":"2023-03-31T20:40:43+00:00","og_image":[{"width":2560,"height":1920,"url":"https:\/\/wp.uni-koblenz.de\/storytelling5\/wp-content\/uploads\/sites\/185\/2023\/03\/MOkolie-beitragsbild-1-scaled.jpg","type":"image\/jpeg"}],"author":"chau","twitter_card":"summary_large_image","twitter_misc":{"Verfasst von":"chau"},"schema":{"@context":"https:\/\/schema.org","@graph":[{"@type":"Article","@id":"https:\/\/wp.uni-koblenz.de\/storytelling5\/2023\/03\/21\/einer-fuer-alle\/#article","isPartOf":{"@id":"https:\/\/wp.uni-koblenz.de\/storytelling5\/2023\/03\/21\/einer-fuer-alle\/"},"author":{"name":"chau","@id":"https:\/\/wp.uni-koblenz.de\/storytelling5\/#\/schema\/person\/4ba1382ddd0ea2929d8d51163c3e716a"},"headline":"Einer f\u00fcr Alle","datePublished":"2023-03-21T22:29:43+00:00","dateModified":"2023-03-31T20:40:43+00:00","mainEntityOfPage":{"@id":"https:\/\/wp.uni-koblenz.de\/storytelling5\/2023\/03\/21\/einer-fuer-alle\/"},"wordCount":1477,"commentCount":0,"image":{"@id":"https:\/\/wp.uni-koblenz.de\/storytelling5\/2023\/03\/21\/einer-fuer-alle\/#primaryimage"},"thumbnailUrl":"https:\/\/wp.uni-koblenz.de\/storytelling5\/wp-content\/uploads\/sites\/185\/2023\/03\/MOkolie-beitragsbild-1-scaled.jpg","keywords":["AStA","International","Kultur","Martin Okolie","Studierende"],"inLanguage":"de","potentialAction":[{"@type":"CommentAction","name":"Comment","target":["https:\/\/wp.uni-koblenz.de\/storytelling5\/2023\/03\/21\/einer-fuer-alle\/#respond"]}]},{"@type":"WebPage","@id":"https:\/\/wp.uni-koblenz.de\/storytelling5\/2023\/03\/21\/einer-fuer-alle\/","url":"https:\/\/wp.uni-koblenz.de\/storytelling5\/2023\/03\/21\/einer-fuer-alle\/","name":"Einer f\u00fcr Alle - Kulturraum Koblenz","isPartOf":{"@id":"https:\/\/wp.uni-koblenz.de\/storytelling5\/#website"},"primaryImageOfPage":{"@id":"https:\/\/wp.uni-koblenz.de\/storytelling5\/2023\/03\/21\/einer-fuer-alle\/#primaryimage"},"image":{"@id":"https:\/\/wp.uni-koblenz.de\/storytelling5\/2023\/03\/21\/einer-fuer-alle\/#primaryimage"},"thumbnailUrl":"https:\/\/wp.uni-koblenz.de\/storytelling5\/wp-content\/uploads\/sites\/185\/2023\/03\/MOkolie-beitragsbild-1-scaled.jpg","datePublished":"2023-03-21T22:29:43+00:00","dateModified":"2023-03-31T20:40:43+00:00","author":{"@id":"https:\/\/wp.uni-koblenz.de\/storytelling5\/#\/schema\/person\/4ba1382ddd0ea2929d8d51163c3e716a"},"breadcrumb":{"@id":"https:\/\/wp.uni-koblenz.de\/storytelling5\/2023\/03\/21\/einer-fuer-alle\/#breadcrumb"},"inLanguage":"de","potentialAction":[{"@type":"ReadAction","target":["https:\/\/wp.uni-koblenz.de\/storytelling5\/2023\/03\/21\/einer-fuer-alle\/"]}]},{"@type":"ImageObject","inLanguage":"de","@id":"https:\/\/wp.uni-koblenz.de\/storytelling5\/2023\/03\/21\/einer-fuer-alle\/#primaryimage","url":"https:\/\/wp.uni-koblenz.de\/storytelling5\/wp-content\/uploads\/sites\/185\/2023\/03\/MOkolie-beitragsbild-1-scaled.jpg","contentUrl":"https:\/\/wp.uni-koblenz.de\/storytelling5\/wp-content\/uploads\/sites\/185\/2023\/03\/MOkolie-beitragsbild-1-scaled.jpg","width":2560,"height":1920},{"@type":"BreadcrumbList","@id":"https:\/\/wp.uni-koblenz.de\/storytelling5\/2023\/03\/21\/einer-fuer-alle\/#breadcrumb","itemListElement":[{"@type":"ListItem","position":1,"name":"Startseite","item":"https:\/\/wp.uni-koblenz.de\/storytelling5\/"},{"@type":"ListItem","position":2,"name":"Einer f\u00fcr Alle"}]},{"@type":"WebSite","@id":"https:\/\/wp.uni-koblenz.de\/storytelling5\/#website","url":"https:\/\/wp.uni-koblenz.de\/storytelling5\/","name":"Kulturraum Koblenz","description":"Eine weitere Universit\u00e4t Koblenz \u00b7 Landau - Benutzerseiten Website","potentialAction":[{"@type":"SearchAction","target":{"@type":"EntryPoint","urlTemplate":"https:\/\/wp.uni-koblenz.de\/storytelling5\/?s={search_term_string}"},"query-input":{"@type":"PropertyValueSpecification","valueRequired":true,"valueName":"search_term_string"}}],"inLanguage":"de"},{"@type":"Person","@id":"https:\/\/wp.uni-koblenz.de\/storytelling5\/#\/schema\/person\/4ba1382ddd0ea2929d8d51163c3e716a","name":"chau","image":{"@type":"ImageObject","inLanguage":"de","@id":"https:\/\/secure.gravatar.com\/avatar\/df0f3b2455f739557060d0b785bc5fec299953b52120ea4ae792c1e9a9936b38?s=96&d=mm&r=g","url":"https:\/\/secure.gravatar.com\/avatar\/df0f3b2455f739557060d0b785bc5fec299953b52120ea4ae792c1e9a9936b38?s=96&d=mm&r=g","contentUrl":"https:\/\/secure.gravatar.com\/avatar\/df0f3b2455f739557060d0b785bc5fec299953b52120ea4ae792c1e9a9936b38?s=96&d=mm&r=g","caption":"chau"},"url":"https:\/\/wp.uni-koblenz.de\/storytelling5\/author\/chau\/"}]}},"_links":{"self":[{"href":"https:\/\/wp.uni-koblenz.de\/storytelling5\/wp-json\/wp\/v2\/posts\/311","targetHints":{"allow":["GET"]}}],"collection":[{"href":"https:\/\/wp.uni-koblenz.de\/storytelling5\/wp-json\/wp\/v2\/posts"}],"about":[{"href":"https:\/\/wp.uni-koblenz.de\/storytelling5\/wp-json\/wp\/v2\/types\/post"}],"author":[{"embeddable":true,"href":"https:\/\/wp.uni-koblenz.de\/storytelling5\/wp-json\/wp\/v2\/users\/709"}],"replies":[{"embeddable":true,"href":"https:\/\/wp.uni-koblenz.de\/storytelling5\/wp-json\/wp\/v2\/comments?post=311"}],"version-history":[{"count":65,"href":"https:\/\/wp.uni-koblenz.de\/storytelling5\/wp-json\/wp\/v2\/posts\/311\/revisions"}],"predecessor-version":[{"id":569,"href":"https:\/\/wp.uni-koblenz.de\/storytelling5\/wp-json\/wp\/v2\/posts\/311\/revisions\/569"}],"wp:featuredmedia":[{"embeddable":true,"href":"https:\/\/wp.uni-koblenz.de\/storytelling5\/wp-json\/wp\/v2\/media\/340"}],"wp:attachment":[{"href":"https:\/\/wp.uni-koblenz.de\/storytelling5\/wp-json\/wp\/v2\/media?parent=311"}],"wp:term":[{"taxonomy":"category","embeddable":true,"href":"https:\/\/wp.uni-koblenz.de\/storytelling5\/wp-json\/wp\/v2\/categories?post=311"},{"taxonomy":"post_tag","embeddable":true,"href":"https:\/\/wp.uni-koblenz.de\/storytelling5\/wp-json\/wp\/v2\/tags?post=311"}],"curies":[{"name":"wp","href":"https:\/\/api.w.org\/{rel}","templated":true}]}}